{"id":3220,"date":"2023-09-20T15:57:00","date_gmt":"2023-09-20T19:57:00","guid":{"rendered":"https:\/\/cms.organictransition.org\/la-transicion-a-lo-organico-se-destaca-en-los-dias-de-campo-de-verano-de-iowa\/"},"modified":"2025-05-02T03:16:49","modified_gmt":"2025-05-02T07:16:49","slug":"la-transicion-a-lo-organico-se-destaca-en-los-dias-de-campo-de-verano-de-iowa","status":"publish","type":"post","link":"https:\/\/cms.organictransition.org\/es\/la-transicion-a-lo-organico-se-destaca-en-los-dias-de-campo-de-verano-de-iowa\/","title":{"rendered":"La transici\u00f3n a la agricultura ecol\u00f3gica, tema central de las Jornadas de Verano de Iowa"},"content":{"rendered":"<p><a href=\"https:\/\/cms.organictransition.org\/wp-content\/uploads\/2023\/09\/TOPP-Field-Days-ISU-press-release.pdf\"><img loading=\"lazy\" decoding=\"async\" class=\"alignnone size-medium wp-image-3187\" src=\"https:\/\/cms.organictransition.org\/wp-content\/uploads\/2023\/09\/ISU-Organic-Field-Day-Shriver-Farm-300x225.jpeg\" alt=\"\" width=\"300\" height=\"225\" srcset=\"https:\/\/cms.organictransition.org\/wp-content\/uploads\/2023\/09\/ISU-Organic-Field-Day-Shriver-Farm-300x225.jpeg 300w, https:\/\/cms.organictransition.org\/wp-content\/uploads\/2023\/09\/ISU-Organic-Field-Day-Shriver-Farm-1024x768.jpeg 1024w, https:\/\/cms.organictransition.org\/wp-content\/uploads\/2023\/09\/ISU-Organic-Field-Day-Shriver-Farm-768x576.jpeg 768w, https:\/\/cms.organictransition.org\/wp-content\/uploads\/2023\/09\/ISU-Organic-Field-Day-Shriver-Farm-1536x1152.jpeg 1536w, https:\/\/cms.organictransition.org\/wp-content\/uploads\/2023\/09\/ISU-Organic-Field-Day-Shriver-Farm-2048x1536.jpeg 2048w, https:\/\/cms.organictransition.org\/wp-content\/uploads\/2023\/09\/ISU-Organic-Field-Day-Shriver-Farm-1568x1176.jpeg 1568w\" sizes=\"auto, (max-width: 300px) 100vw, 300px\" \/><\/a><\/p>\n<p>AMES, Iowa &#8211; Los productores ecol\u00f3gicos y aquellos con inter\u00e9s en la transici\u00f3n a la agricultura ecol\u00f3gica descubrieron pr\u00e1cticas basadas en la investigaci\u00f3n y soluciones agr\u00edcolas pr\u00e1cticas, junto con informaci\u00f3n sobre el nuevo Programa de Asociaci\u00f3n para la Transici\u00f3n a la Agricultura Ecol\u00f3gica (TOPP), durante cuatro jornadas de campo en Iowa este verano. Estos d\u00edas de campo incluyeron un D\u00eda de Campo de Agricultores Pr\u00e1cticos de Iowa (PFI), demostrando la soja org\u00e1nica sin labranza en A &amp; W Farms, Cambridge, IA; una visita a la granja de variedades de ma\u00edz org\u00e1nico y equipos de gesti\u00f3n de malezas en la Granja Shriver en Jefferson, Iowa; jud\u00edas negras org\u00e1nicas sin labranza en el Rodale Midwest Organic Center en Marion, Iowa; y la comparaci\u00f3n a largo plazo de las rotaciones de cultivos org\u00e1nicos y convencionales en la ISU Neely-Kinyon Farm en Greenfield, Iowa.<\/p>\n<p><a href=\"https:\/\/cms.organictransition.org\/wp-content\/uploads\/2023\/09\/TOPP-Field-Days-ISU-press-release-Final-with-Images.\n<\/p>\n","protected":false},"excerpt":{"rendered":"<p>AMES, Iowa &#8211; Los productores ecol\u00f3gicos y aquellos con inter\u00e9s en la transici\u00f3n a la agricultura ecol\u00f3gica descubrieron pr\u00e1cticas basadas en la investigaci\u00f3n y soluciones agr\u00edcolas pr\u00e1cticas, junto con informaci\u00f3n sobre el nuevo Programa de Asociaci\u00f3n para la Transici\u00f3n a la Agricultura Ecol\u00f3gica (TOPP), durante cuatro jornadas de campo en Iowa este verano. Estos d\u00edas&hellip; <a class=\"more-link\" href=\"https:\/\/cms.organictransition.org\/es\/la-transicion-a-lo-organico-se-destaca-en-los-dias-de-campo-de-verano-de-iowa\/\">Continue reading <span class=\"screen-reader-text\">La transici\u00f3n a la agricultura ecol\u00f3gica, tema central de las Jornadas de Verano de Iowa<\/span><\/a><\/p>\n","protected":false},"author":1,"featured_media":0,"comment_status":"open","ping_status":"open","sticky":false,"template":"","format":"standard","meta":{"_acf_changed":false,"inline_featured_image":false,"footnotes":""},"categories":[],"tags":[],"class_list":["post-3220","post","type-post","status-publish","hentry","entry"],"acf":[],"yoast_head":"<!-- This site is optimized with the Yoast SEO Premium plugin v27.4 (Yoast SEO v27.4) - https:\/\/yoast.com\/product\/yoast-seo-premium-wordpress\/ -->\n<title>La transici\u00f3n a la agricultura ecol\u00f3gica, tema central de las Jornadas de Verano de Iowa - Transition to Organic Partnership Program<\/title>\n<meta name=\"description\" content=\"AMES, Iowa - Los productores ecol\u00f3gicos y aquellos con inter\u00e9s en la transici\u00f3n a la agricultura ecol\u00f3gica descubrieron pr\u00e1cticas basadas en la\" \/>\n<meta name=\"robots\" content=\"noindex, follow, max-snippet:-1, max-image-preview:large, max-video-preview:-1\" \/>\n<meta property=\"og:locale\" content=\"es_ES\" \/>\n<meta property=\"og:type\" content=\"article\" \/>\n<meta property=\"og:title\" content=\"La transici\u00f3n a la agricultura ecol\u00f3gica, tema central de las Jornadas de Verano de Iowa\" \/>\n<meta property=\"og:description\" content=\"AMES, Iowa - Los productores ecol\u00f3gicos y aquellos con inter\u00e9s en la transici\u00f3n a la agricultura ecol\u00f3gica descubrieron pr\u00e1cticas basadas en la\" \/>\n<meta property=\"og:url\" content=\"https:\/\/cms.organictransition.org\/es\/la-transicion-a-lo-organico-se-destaca-en-los-dias-de-campo-de-verano-de-iowa\/\" \/>\n<meta property=\"og:site_name\" content=\"Transition to Organic Partnership Program\" \/>\n<meta property=\"article:published_time\" content=\"2023-09-20T19:57:00+00:00\" \/>\n<meta property=\"article:modified_time\" content=\"2025-05-02T07:16:49+00:00\" \/>\n<meta property=\"og:image\" content=\"https:\/\/cms.organictransition.org\/wp-content\/uploads\/2023\/09\/ISU-Organic-Field-Day-Shriver-Farm-scaled.jpeg\" \/>\n\t<meta property=\"og:image:width\" content=\"2560\" \/>\n\t<meta property=\"og:image:height\" content=\"1920\" \/>\n\t<meta property=\"og:image:type\" content=\"image\/jpeg\" \/>\n<meta name=\"author\" content=\"3lane\" \/>\n<meta name=\"twitter:card\" content=\"summary_large_image\" \/>\n<meta name=\"twitter:label1\" content=\"Escrito por\" \/>\n\t<meta name=\"twitter:data1\" content=\"3lane\" \/>\n\t<meta name=\"twitter:label2\" content=\"Tiempo de lectura\" \/>\n\t<meta name=\"twitter:data2\" content=\"1 minuto\" \/>\n<script type=\"application\/ld+json\" class=\"yoast-schema-graph\">{\"@context\":\"https:\\\/\\\/schema.org\",\"@graph\":[{\"@type\":\"Article\",\"@id\":\"https:\\\/\\\/cms.organictransition.org\\\/es\\\/la-transicion-a-lo-organico-se-destaca-en-los-dias-de-campo-de-verano-de-iowa\\\/#article\",\"isPartOf\":{\"@id\":\"https:\\\/\\\/cms.organictransition.org\\\/es\\\/la-transicion-a-lo-organico-se-destaca-en-los-dias-de-campo-de-verano-de-iowa\\\/\"},\"author\":{\"name\":\"3lane\",\"@id\":\"https:\\\/\\\/cms.organictransition.org\\\/es\\\/#\\\/schema\\\/person\\\/bddca3b2dd04215402d1f498e7a6588d\"},\"headline\":\"La transici\u00f3n a la agricultura ecol\u00f3gica, tema central de las Jornadas de Verano de Iowa\",\"datePublished\":\"2023-09-20T19:57:00+00:00\",\"dateModified\":\"2025-05-02T07:16:49+00:00\",\"mainEntityOfPage\":{\"@id\":\"https:\\\/\\\/cms.organictransition.org\\\/es\\\/la-transicion-a-lo-organico-se-destaca-en-los-dias-de-campo-de-verano-de-iowa\\\/\"},\"wordCount\":180,\"commentCount\":0,\"publisher\":{\"@id\":\"https:\\\/\\\/cms.organictransition.org\\\/es\\\/#organization\"},\"image\":{\"@id\":\"https:\\\/\\\/cms.organictransition.org\\\/es\\\/la-transicion-a-lo-organico-se-destaca-en-los-dias-de-campo-de-verano-de-iowa\\\/#primaryimage\"},\"thumbnailUrl\":\"https:\\\/\\\/cms.organictransition.org\\\/wp-content\\\/uploads\\\/2023\\\/09\\\/ISU-Organic-Field-Day-Shriver-Farm-300x225.jpeg\",\"inLanguage\":\"es\",\"copyrightYear\":\"2023\",\"copyrightHolder\":{\"@id\":\"https:\\\/\\\/cms.organictransition.org\\\/#organization\"}},{\"@type\":\"WebPage\",\"@id\":\"https:\\\/\\\/cms.organictransition.org\\\/es\\\/la-transicion-a-lo-organico-se-destaca-en-los-dias-de-campo-de-verano-de-iowa\\\/\",\"url\":\"https:\\\/\\\/cms.organictransition.org\\\/es\\\/la-transicion-a-lo-organico-se-destaca-en-los-dias-de-campo-de-verano-de-iowa\\\/\",\"name\":\"La transici\u00f3n a la agricultura ecol\u00f3gica, tema central de las Jornadas de Verano de Iowa - Transition to Organic Partnership Program\",\"isPartOf\":{\"@id\":\"https:\\\/\\\/cms.organictransition.org\\\/es\\\/#website\"},\"primaryImageOfPage\":{\"@id\":\"https:\\\/\\\/cms.organictransition.org\\\/es\\\/la-transicion-a-lo-organico-se-destaca-en-los-dias-de-campo-de-verano-de-iowa\\\/#primaryimage\"},\"image\":{\"@id\":\"https:\\\/\\\/cms.organictransition.org\\\/es\\\/la-transicion-a-lo-organico-se-destaca-en-los-dias-de-campo-de-verano-de-iowa\\\/#primaryimage\"},\"thumbnailUrl\":\"https:\\\/\\\/cms.organictransition.org\\\/wp-content\\\/uploads\\\/2023\\\/09\\\/ISU-Organic-Field-Day-Shriver-Farm-300x225.jpeg\",\"datePublished\":\"2023-09-20T19:57:00+00:00\",\"dateModified\":\"2025-05-02T07:16:49+00:00\",\"description\":\"AMES, Iowa - Los productores ecol\u00f3gicos y aquellos con inter\u00e9s en la transici\u00f3n a la agricultura ecol\u00f3gica descubrieron pr\u00e1cticas basadas en la\",\"breadcrumb\":{\"@id\":\"https:\\\/\\\/cms.organictransition.org\\\/es\\\/la-transicion-a-lo-organico-se-destaca-en-los-dias-de-campo-de-verano-de-iowa\\\/#breadcrumb\"},\"inLanguage\":\"es\",\"potentialAction\":[{\"@type\":\"ReadAction\",\"target\":[\"https:\\\/\\\/cms.organictransition.org\\\/es\\\/la-transicion-a-lo-organico-se-destaca-en-los-dias-de-campo-de-verano-de-iowa\\\/\"]}]},{\"@type\":\"ImageObject\",\"inLanguage\":\"es\",\"@id\":\"https:\\\/\\\/cms.organictransition.org\\\/es\\\/la-transicion-a-lo-organico-se-destaca-en-los-dias-de-campo-de-verano-de-iowa\\\/#primaryimage\",\"url\":\"https:\\\/\\\/cms.organictransition.org\\\/wp-content\\\/uploads\\\/2023\\\/09\\\/ISU-Organic-Field-Day-Shriver-Farm-300x225.jpeg\",\"contentUrl\":\"https:\\\/\\\/cms.organictransition.org\\\/wp-content\\\/uploads\\\/2023\\\/09\\\/ISU-Organic-Field-Day-Shriver-Farm-300x225.jpeg\"},{\"@type\":\"BreadcrumbList\",\"@id\":\"https:\\\/\\\/cms.organictransition.org\\\/es\\\/la-transicion-a-lo-organico-se-destaca-en-los-dias-de-campo-de-verano-de-iowa\\\/#breadcrumb\",\"itemListElement\":[{\"@type\":\"ListItem\",\"position\":1,\"name\":\"Home\",\"item\":\"https:\\\/\\\/cms.organictransition.org\\\/es\\\/\"},{\"@type\":\"ListItem\",\"position\":2,\"name\":\"La transici\u00f3n a la agricultura ecol\u00f3gica, tema central de las Jornadas de Verano de Iowa\"}]},{\"@type\":\"WebSite\",\"@id\":\"https:\\\/\\\/cms.organictransition.org\\\/es\\\/#website\",\"url\":\"https:\\\/\\\/cms.organictransition.org\\\/es\\\/\",\"name\":\"Transition to Organic Partnership Program\",\"description\":\"TOPP is a network assembled by the USDA\u2019s National Organic Program to support transitioning and organic producers with mentorship and resources.\",\"publisher\":{\"@id\":\"https:\\\/\\\/cms.organictransition.org\\\/es\\\/#organization\"},\"potentialAction\":[{\"@type\":\"SearchAction\",\"target\":{\"@type\":\"EntryPoint\",\"urlTemplate\":\"https:\\\/\\\/cms.organictransition.org\\\/es\\\/?s={search_term_string}\"},\"query-input\":{\"@type\":\"PropertyValueSpecification\",\"valueRequired\":true,\"valueName\":\"search_term_string\"}}],\"inLanguage\":\"es\"},{\"@type\":[\"Organization\",\"Place\"],\"@id\":\"https:\\\/\\\/cms.organictransition.org\\\/es\\\/#organization\",\"name\":\"Transition to Organic Partnership Program\",\"url\":\"https:\\\/\\\/cms.organictransition.org\\\/es\\\/\",\"logo\":{\"@id\":\"https:\\\/\\\/cms.organictransition.org\\\/es\\\/la-transicion-a-lo-organico-se-destaca-en-los-dias-de-campo-de-verano-de-iowa\\\/#local-main-organization-logo\"},\"image\":{\"@id\":\"https:\\\/\\\/cms.organictransition.org\\\/es\\\/la-transicion-a-lo-organico-se-destaca-en-los-dias-de-campo-de-verano-de-iowa\\\/#local-main-organization-logo\"},\"telephone\":[],\"openingHoursSpecification\":[{\"@type\":\"OpeningHoursSpecification\",\"dayOfWeek\":[\"Monday\",\"Tuesday\",\"Wednesday\",\"Thursday\",\"Friday\",\"Saturday\",\"Sunday\"],\"opens\":\"09:00\",\"closes\":\"17:00\"}]},{\"@type\":\"Person\",\"@id\":\"https:\\\/\\\/cms.organictransition.org\\\/es\\\/#\\\/schema\\\/person\\\/bddca3b2dd04215402d1f498e7a6588d\",\"name\":\"3lane\",\"image\":{\"@type\":\"ImageObject\",\"inLanguage\":\"es\",\"@id\":\"https:\\\/\\\/secure.gravatar.com\\\/avatar\\\/6044d7a9c51fc8c1952b624350ce67767232d807e9cd98508a46c47aac8ab73e?s=96&d=mm&r=g\",\"url\":\"https:\\\/\\\/secure.gravatar.com\\\/avatar\\\/6044d7a9c51fc8c1952b624350ce67767232d807e9cd98508a46c47aac8ab73e?s=96&d=mm&r=g\",\"contentUrl\":\"https:\\\/\\\/secure.gravatar.com\\\/avatar\\\/6044d7a9c51fc8c1952b624350ce67767232d807e9cd98508a46c47aac8ab73e?s=96&d=mm&r=g\",\"caption\":\"3lane\"},\"sameAs\":[\"https:\\\/\\\/cms.organictransition.org\"],\"url\":\"https:\\\/\\\/cms.organictransition.org\\\/es\\\/author\\\/3lane\\\/\"},{\"@type\":\"ImageObject\",\"inLanguage\":\"es\",\"@id\":\"https:\\\/\\\/cms.organictransition.org\\\/es\\\/la-transicion-a-lo-organico-se-destaca-en-los-dias-de-campo-de-verano-de-iowa\\\/#local-main-organization-logo\",\"url\":\"https:\\\/\\\/cms.organictransition.org\\\/wp-content\\\/uploads\\\/2023\\\/07\\\/TOPP-WestSouthwest-Logo_GreenWhite.svg\",\"contentUrl\":\"https:\\\/\\\/cms.organictransition.org\\\/wp-content\\\/uploads\\\/2023\\\/07\\\/TOPP-WestSouthwest-Logo_GreenWhite.svg\",\"width\":693,\"height\":134,\"caption\":\"Transition to Organic Partnership Program\"}]}<\/script>\n<!-- \/ Yoast SEO Premium plugin. -->","yoast_head_json":{"title":"La transici\u00f3n a la agricultura ecol\u00f3gica, tema central de las Jornadas de Verano de Iowa - Transition to Organic Partnership Program","description":"AMES, Iowa - Los productores ecol\u00f3gicos y aquellos con inter\u00e9s en la transici\u00f3n a la agricultura ecol\u00f3gica descubrieron pr\u00e1cticas basadas en la","robots":{"index":"noindex","follow":"follow","max-snippet":"max-snippet:-1","max-image-preview":"max-image-preview:large","max-video-preview":"max-video-preview:-1"},"og_locale":"es_ES","og_type":"article","og_title":"La transici\u00f3n a la agricultura ecol\u00f3gica, tema central de las Jornadas de Verano de Iowa","og_description":"AMES, Iowa - Los productores ecol\u00f3gicos y aquellos con inter\u00e9s en la transici\u00f3n a la agricultura ecol\u00f3gica descubrieron pr\u00e1cticas basadas en la","og_url":"https:\/\/cms.organictransition.org\/es\/la-transicion-a-lo-organico-se-destaca-en-los-dias-de-campo-de-verano-de-iowa\/","og_site_name":"Transition to Organic Partnership Program","article_published_time":"2023-09-20T19:57:00+00:00","article_modified_time":"2025-05-02T07:16:49+00:00","og_image":[{"width":2560,"height":1920,"url":"https:\/\/cms.organictransition.org\/wp-content\/uploads\/2023\/09\/ISU-Organic-Field-Day-Shriver-Farm-scaled.jpeg","type":"image\/jpeg"}],"author":"3lane","twitter_card":"summary_large_image","twitter_misc":{"Escrito por":"3lane","Tiempo de lectura":"1 minuto"},"schema":{"@context":"https:\/\/schema.org","@graph":[{"@type":"Article","@id":"https:\/\/cms.organictransition.org\/es\/la-transicion-a-lo-organico-se-destaca-en-los-dias-de-campo-de-verano-de-iowa\/#article","isPartOf":{"@id":"https:\/\/cms.organictransition.org\/es\/la-transicion-a-lo-organico-se-destaca-en-los-dias-de-campo-de-verano-de-iowa\/"},"author":{"name":"3lane","@id":"https:\/\/cms.organictransition.org\/es\/#\/schema\/person\/bddca3b2dd04215402d1f498e7a6588d"},"headline":"La transici\u00f3n a la agricultura ecol\u00f3gica, tema central de las Jornadas de Verano de Iowa","datePublished":"2023-09-20T19:57:00+00:00","dateModified":"2025-05-02T07:16:49+00:00","mainEntityOfPage":{"@id":"https:\/\/cms.organictransition.org\/es\/la-transicion-a-lo-organico-se-destaca-en-los-dias-de-campo-de-verano-de-iowa\/"},"wordCount":180,"commentCount":0,"publisher":{"@id":"https:\/\/cms.organictransition.org\/es\/#organization"},"image":{"@id":"https:\/\/cms.organictransition.org\/es\/la-transicion-a-lo-organico-se-destaca-en-los-dias-de-campo-de-verano-de-iowa\/#primaryimage"},"thumbnailUrl":"https:\/\/cms.organictransition.org\/wp-content\/uploads\/2023\/09\/ISU-Organic-Field-Day-Shriver-Farm-300x225.jpeg","inLanguage":"es","copyrightYear":"2023","copyrightHolder":{"@id":"https:\/\/cms.organictransition.org\/#organization"}},{"@type":"WebPage","@id":"https:\/\/cms.organictransition.org\/es\/la-transicion-a-lo-organico-se-destaca-en-los-dias-de-campo-de-verano-de-iowa\/","url":"https:\/\/cms.organictransition.org\/es\/la-transicion-a-lo-organico-se-destaca-en-los-dias-de-campo-de-verano-de-iowa\/","name":"La transici\u00f3n a la agricultura ecol\u00f3gica, tema central de las Jornadas de Verano de Iowa - Transition to Organic Partnership Program","isPartOf":{"@id":"https:\/\/cms.organictransition.org\/es\/#website"},"primaryImageOfPage":{"@id":"https:\/\/cms.organictransition.org\/es\/la-transicion-a-lo-organico-se-destaca-en-los-dias-de-campo-de-verano-de-iowa\/#primaryimage"},"image":{"@id":"https:\/\/cms.organictransition.org\/es\/la-transicion-a-lo-organico-se-destaca-en-los-dias-de-campo-de-verano-de-iowa\/#primaryimage"},"thumbnailUrl":"https:\/\/cms.organictransition.org\/wp-content\/uploads\/2023\/09\/ISU-Organic-Field-Day-Shriver-Farm-300x225.jpeg","datePublished":"2023-09-20T19:57:00+00:00","dateModified":"2025-05-02T07:16:49+00:00","description":"AMES, Iowa - Los productores ecol\u00f3gicos y aquellos con inter\u00e9s en la transici\u00f3n a la agricultura ecol\u00f3gica descubrieron pr\u00e1cticas basadas en la","breadcrumb":{"@id":"https:\/\/cms.organictransition.org\/es\/la-transicion-a-lo-organico-se-destaca-en-los-dias-de-campo-de-verano-de-iowa\/#breadcrumb"},"inLanguage":"es","potentialAction":[{"@type":"ReadAction","target":["https:\/\/cms.organictransition.org\/es\/la-transicion-a-lo-organico-se-destaca-en-los-dias-de-campo-de-verano-de-iowa\/"]}]},{"@type":"ImageObject","inLanguage":"es","@id":"https:\/\/cms.organictransition.org\/es\/la-transicion-a-lo-organico-se-destaca-en-los-dias-de-campo-de-verano-de-iowa\/#primaryimage","url":"https:\/\/cms.organictransition.org\/wp-content\/uploads\/2023\/09\/ISU-Organic-Field-Day-Shriver-Farm-300x225.jpeg","contentUrl":"https:\/\/cms.organictransition.org\/wp-content\/uploads\/2023\/09\/ISU-Organic-Field-Day-Shriver-Farm-300x225.jpeg"},{"@type":"BreadcrumbList","@id":"https:\/\/cms.organictransition.org\/es\/la-transicion-a-lo-organico-se-destaca-en-los-dias-de-campo-de-verano-de-iowa\/#breadcrumb","itemListElement":[{"@type":"ListItem","position":1,"name":"Home","item":"https:\/\/cms.organictransition.org\/es\/"},{"@type":"ListItem","position":2,"name":"La transici\u00f3n a la agricultura ecol\u00f3gica, tema central de las Jornadas de Verano de Iowa"}]},{"@type":"WebSite","@id":"https:\/\/cms.organictransition.org\/es\/#website","url":"https:\/\/cms.organictransition.org\/es\/","name":"Transition to Organic Partnership Program","description":"TOPP is a network assembled by the USDA\u2019s National Organic Program to support transitioning and organic producers with mentorship and resources.","publisher":{"@id":"https:\/\/cms.organictransition.org\/es\/#organization"},"potentialAction":[{"@type":"SearchAction","target":{"@type":"EntryPoint","urlTemplate":"https:\/\/cms.organictransition.org\/es\/?s={search_term_string}"},"query-input":{"@type":"PropertyValueSpecification","valueRequired":true,"valueName":"search_term_string"}}],"inLanguage":"es"},{"@type":["Organization","Place"],"@id":"https:\/\/cms.organictransition.org\/es\/#organization","name":"Transition to Organic Partnership Program","url":"https:\/\/cms.organictransition.org\/es\/","logo":{"@id":"https:\/\/cms.organictransition.org\/es\/la-transicion-a-lo-organico-se-destaca-en-los-dias-de-campo-de-verano-de-iowa\/#local-main-organization-logo"},"image":{"@id":"https:\/\/cms.organictransition.org\/es\/la-transicion-a-lo-organico-se-destaca-en-los-dias-de-campo-de-verano-de-iowa\/#local-main-organization-logo"},"telephone":[],"openingHoursSpecification":[{"@type":"OpeningHoursSpecification","dayOfWeek":["Monday","Tuesday","Wednesday","Thursday","Friday","Saturday","Sunday"],"opens":"09:00","closes":"17:00"}]},{"@type":"Person","@id":"https:\/\/cms.organictransition.org\/es\/#\/schema\/person\/bddca3b2dd04215402d1f498e7a6588d","name":"3lane","image":{"@type":"ImageObject","inLanguage":"es","@id":"https:\/\/secure.gravatar.com\/avatar\/6044d7a9c51fc8c1952b624350ce67767232d807e9cd98508a46c47aac8ab73e?s=96&d=mm&r=g","url":"https:\/\/secure.gravatar.com\/avatar\/6044d7a9c51fc8c1952b624350ce67767232d807e9cd98508a46c47aac8ab73e?s=96&d=mm&r=g","contentUrl":"https:\/\/secure.gravatar.com\/avatar\/6044d7a9c51fc8c1952b624350ce67767232d807e9cd98508a46c47aac8ab73e?s=96&d=mm&r=g","caption":"3lane"},"sameAs":["https:\/\/cms.organictransition.org"],"url":"https:\/\/cms.organictransition.org\/es\/author\/3lane\/"},{"@type":"ImageObject","inLanguage":"es","@id":"https:\/\/cms.organictransition.org\/es\/la-transicion-a-lo-organico-se-destaca-en-los-dias-de-campo-de-verano-de-iowa\/#local-main-organization-logo","url":"https:\/\/cms.organictransition.org\/wp-content\/uploads\/2023\/07\/TOPP-WestSouthwest-Logo_GreenWhite.svg","contentUrl":"https:\/\/cms.organictransition.org\/wp-content\/uploads\/2023\/07\/TOPP-WestSouthwest-Logo_GreenWhite.svg","width":693,"height":134,"caption":"Transition to Organic Partnership Program"}]}},"_links":{"self":[{"href":"https:\/\/cms.organictransition.org\/es\/wp-json\/wp\/v2\/posts\/3220","targetHints":{"allow":["GET"]}}],"collection":[{"href":"https:\/\/cms.organictransition.org\/es\/wp-json\/wp\/v2\/posts"}],"about":[{"href":"https:\/\/cms.organictransition.org\/es\/wp-json\/wp\/v2\/types\/post"}],"author":[{"embeddable":true,"href":"https:\/\/cms.organictransition.org\/es\/wp-json\/wp\/v2\/users\/1"}],"replies":[{"embeddable":true,"href":"https:\/\/cms.organictransition.org\/es\/wp-json\/wp\/v2\/comments?post=3220"}],"version-history":[{"count":2,"href":"https:\/\/cms.organictransition.org\/es\/wp-json\/wp\/v2\/posts\/3220\/revisions"}],"predecessor-version":[{"id":25394,"href":"https:\/\/cms.organictransition.org\/es\/wp-json\/wp\/v2\/posts\/3220\/revisions\/25394"}],"wp:attachment":[{"href":"https:\/\/cms.organictransition.org\/es\/wp-json\/wp\/v2\/media?parent=3220"}],"wp:term":[{"taxonomy":"category","embeddable":true,"href":"https:\/\/cms.organictransition.org\/es\/wp-json\/wp\/v2\/categories?post=3220"},{"taxonomy":"post_tag","embeddable":true,"href":"https:\/\/cms.organictransition.org\/es\/wp-json\/wp\/v2\/tags?post=3220"}],"curies":[{"name":"wp","href":"https:\/\/api.w.org\/{rel}","templated":true}]}}